{"id":2117,"date":"2022-01-23T12:26:00","date_gmt":"2022-01-23T11:26:00","guid":{"rendered":"https:\/\/skijalista.me\/?p=2117"},"modified":"2022-03-12T12:27:14","modified_gmt":"2022-03-12T11:27:14","slug":"saopstenje","status":"publish","type":"post","link":"https:\/\/skijalista.me\/me\/saopstenje\/","title":{"rendered":"Saop\u0161tenje"},"content":{"rendered":"\n<p>Rukovo\u0111en \u017eeljom da valjano odgovori zadatku povjerenom od strane osniva\u010da, novi menad\u017ement Skijali\u0161ta Crne Gore je odmah po preuzimanju odgovornosti pristupio planiranju, pripremi i realizaciji poslova za koje je uvjeren da \u0107e u fazama dovesti do ostvarivanja boljeg poslovnog rezultata, boljeg korisni\u010dkog iskustva, zadovoljstva zaposlenih i pospje\u0161enja kompanijskog renomea. Navedeni efekti samo su prolazni ciljevi ove kompanije, krajnji cilj je puna valorizacija potencijala i ostvarenje rezultata koji \u0107e voditi ekonomskom boljitku sjevernog regiona i uop\u0161te Crne Gore.<\/p>\n\n\n\n<p>Prvi pokazatelji zimske turisti\u010dke sezone govore da, uprkos brojnim ograni\u010denjima, Skijali\u0161ta Crne Gore ove godine sa opravdanjem zaslu\u017euju titulu nosioca zimskog turizma u zemlji. Po\u0161tuju\u0107i sve mjere i preporuke nadle\u017enih institucija u vezi sa Covid19, od samog po\u010detka sezone bilje\u017eimo rekorde u posje\u0107enosti i prodaji. Ne oslanjaju\u0107i se samo na snije\u017ene padavine i prirodne pogodnosti, kontinuirano radimo na unaprije\u0111enju ponude i pospje\u0161enju sadr\u017eaja za sve posjetioce ski centra Kola\u0161in 1600.<\/p>\n\n\n\n<p>S tim u vezi, po prvi put, mo\u017eemo se pohvaliti sertifikovanim ski stazama i organizacijom FIS takmi\u010denja u kojem je u\u010destvovalo 54 takmi\u010dara iz 19 zemalja. Zatim, organizovali smo takmi\u010denje za KUP Crne Gore u slalomu i veleslalomu, instalirali smo pokretnu traku za skija\u0161e po\u010detnike \u010dime smo omogu\u0107ili da veliki broj djece nau\u010di skijanje na savremen i jednostavan na\u010din, obezbijedili smo kvalitetnu opremu za rentiranje i kvalitetnu za\u0161titnu opremu za zaposlene u Ski centru.<\/p>\n\n\n\n<p>Nadalje, kao dru\u0161tveno odgovorna dr\u017eavna kompanija odlu\u010dili smo da djeci \u0161kolskog uzrasta iz op\u0161tina Kola\u0161in, Mojkovac, Bijelo Polje, Berane, Andrijevica, Plav i Gusinje omogu\u0107imo besplatan boravak na snijegu i kori\u0161\u0107enje infrastrukture Ski centra Kola\u0161in 1600. Ovaj program bi\u0107e realizovan u saradnji sa lokalnim turisti\u010dkim organizacijama.<\/p>\n\n\n\n<p>Zna\u010dajni nekomercijalni u\u010dinci nisu nas omeli da zabilje\u017eimo rekordne poslovne rezultate. Naime, u pore\u0111enu sa proteklom zimskom sezonom na\u0161i prihodi su vi\u0161e nego udvostru\u010deni, dok na ski rental-u bilje\u017eimo trostruko ve\u0107e prihode. Prihod od skoro pola miliona eura na po\u010detku zimske turisti\u010dke sezone dovoljan je garant da bilo \u010dije zle namjere, ukoliko postoje, ne\u0107e biti ostvarene.<\/p>\n\n\n\n<p>Pozitivni iskoraci u poslovanju prepoznati su od na\u0161ih posjetilaca, sredstava informisanja, zaposlenih i osniva\u010da, ipak, sporadi\u010dno se u medijima pojave nedobronamjerni naslovi, koji mogu izazvati utisak nedoma\u0107inskog odnosa. Pa\u017eljivim \u010ditaocima i naravno ljudima koji su imali priliku da nas posjete jasno je da vodimo ra\u010dna o svakom gostu, svakom zaposlenom, ali i svakom euru koji nam je povjeren. <\/p>\n\n\n\n<p>Rukovo\u0111eni tim principima za na\u0161e zaposlene koji nerijetko rade du\u017ee od 8 sati u ekstemnim uslovima, po no\u0107i i danu, na niskim temperaturama, izlo\u017eeni snije\u017enim padavinama, udarima vjetra i me\u0107avi, obezbijedili smo najkvalitetniju za\u0161titnu opremu koja je pla\u0107ena zna\u010dajno ispod redovne tr\u017ei\u0161ne cijene i bi\u0107e kori\u0161\u0107ena, u zavisnosti od radne pozicije, izme\u0111u 3 i 5 godina. Nije na odmet podsjetiti da je navedena oprema nabavljena prema postupku javne nabavke u kojoj je cijena postavljana kao dominantan uslov.<\/p>\n\n\n\n<p>Mi\u0161ljenja na\u0161ih klijenata i zaposlenih nedvosmisleno potvr\u0111uju sve prethodno iznesene navode. Tako\u0111e, nadamo se da \u0107e u perspektivi svi prepoznati enormini rad i zalaganje koje ula\u017eemo, \u010dime \u0107e nam omogu\u0107iti da iz dana u dan budemo bolji i da ostvarujemo sve bolje rezultate, a krajnji cilj je Skijali\u0161ta Crne Gore kao respektabilna kompanija koja upravlja zimskim centrima koji su me\u0111u najboljima u Evropi.<\/p>\n","protected":false},"excerpt":{"rendered":"<p>Rukovo\u0111en \u017eeljom da valjano odgovori zadatku povjerenom od strane osniva\u010da, novi menad\u017ement Skijali\u0161ta Crne Gore je odmah po preuzimanju odgovornosti pristupio planiranju, pripremi i realizaciji poslova za koje je uvjeren da \u0107e u fazama dovesti do ostvarivanja boljeg poslovnog rezultata, boljeg korisni\u010dkog iskustva, zadovoljstva zaposlenih i pospje\u0161enja kompanijskog renomea. Navedeni efekti samo su prolazni ciljevi [&hellip;]<\/p>\n","protected":false},"author":1,"featured_media":1734,"comment_status":"open","ping_status":"open","sticky":false,"template":"","format":"standard","meta":{"_acf_changed":false,"_seopress_robots_primary_cat":"none","_seopress_titles_title":"","_seopress_titles_desc":"","_seopress_robots_index":"","footnotes":""},"categories":[9],"tags":[],"class_list":["post-2117","post","type-post","status-publish","format-standard","has-post-thumbnail","hentry","category-nekategorizovano"],"acf":[],"_links":{"self":[{"href":"https:\/\/skijalista.me\/me\/wp-json\/wp\/v2\/posts\/2117","targetHints":{"allow":["GET"]}}],"collection":[{"href":"https:\/\/skijalista.me\/me\/wp-json\/wp\/v2\/posts"}],"about":[{"href":"https:\/\/skijalista.me\/me\/wp-json\/wp\/v2\/types\/post"}],"author":[{"embeddable":true,"href":"https:\/\/skijalista.me\/me\/wp-json\/wp\/v2\/users\/1"}],"replies":[{"embeddable":true,"href":"https:\/\/skijalista.me\/me\/wp-json\/wp\/v2\/comments?post=2117"}],"version-history":[{"count":0,"href":"https:\/\/skijalista.me\/me\/wp-json\/wp\/v2\/posts\/2117\/revisions"}],"wp:featuredmedia":[{"embeddable":true,"href":"https:\/\/skijalista.me\/me\/wp-json\/wp\/v2\/media\/1734"}],"wp:attachment":[{"href":"https:\/\/skijalista.me\/me\/wp-json\/wp\/v2\/media?parent=2117"}],"wp:term":[{"taxonomy":"category","embeddable":true,"href":"https:\/\/skijalista.me\/me\/wp-json\/wp\/v2\/categories?post=2117"},{"taxonomy":"post_tag","embeddable":true,"href":"https:\/\/skijalista.me\/me\/wp-json\/wp\/v2\/tags?post=2117"}],"curies":[{"name":"wp","href":"https:\/\/api.w.org\/{rel}","templated":true}]}}