{"id":2130,"date":"2021-11-08T09:19:00","date_gmt":"2021-11-08T08:19:00","guid":{"rendered":"https:\/\/skijalista.me\/studijska-posjeta-iz-turske\/"},"modified":"2022-03-12T12:32:13","modified_gmt":"2022-03-12T11:32:13","slug":"studijska-posjeta-iz-turske","status":"publish","type":"post","link":"https:\/\/skijalista.me\/me\/studijska-posjeta-iz-turske\/","title":{"rendered":"Studijska posjeta iz Turske"},"content":{"rendered":"\n<p>Grupa od deset turoperatora iz Turske prethodne nedelje boravila je u studijskoj posjeti Crnoj Gori, u organizaciji Nacionalne turisti\u010dke organizacije (NTO). Realizacija te studijske posjete uslijedila nakon odr\u017eanog online webinara koji je organizovala NTO, a na kojem je prisustvovao veliki broj turskih turoperatora zainteresovanih za saradnju sa crnogorskom turisti\u010dkom privredom.<\/p>\n\n<p>Turoperatori su boravili u Kola\u0161inu gdje su imali priliku da se upoznaju sa aktuelnom ponudom ski centra Kola\u0161in 1600. Predstavnica Tursaba izjavila je da je Kola\u0161in posjetilo oko deset predstavnika turoperatora u zelji da predstave  Crnu Goru na najbolji mogu\u0107i na\u010din na turskom tr\u017ei\u0161tu. Ovog puta nijesu bazirani na primorje ve\u0107 na druge, ruralne predjele Crne Gore i ski centre, kako bi turskom tr\u017ei\u0161tu predstavili \u0161iru sliku turisti\u010dke ponude na\u0161e zemlje. Ona je navela da klijenti u Turskoj dobro poznaju primorsku i gastro ponudu Crne Gore. \u201c\u017delimo da u\u010dvrstimo na\u0161u saradnju i nadamo se da \u0107e se pove\u0107ati broj turista iz Turske koji \u0107e posjetiti va\u0161u zemlju\u201d, dodala je Yesilyurt.<\/p>\n\n<p>Skijali\u0161ta Crne Gore aktivno rade na pripremi predstoje\u0107e zimske turisti\u010dke sezone a organizacija posjete turskih turoperatora ski centru je upravo jedna od planiranih aktivnosti prije pocetka sezone koju smo realizovali zajedno sa kolegama iz NTO-a.<\/p>\n","protected":false},"excerpt":{"rendered":"<p>Grupa od deset turoperatora iz Turske prethodne nedelje boravila je u studijskoj posjeti Crnoj Gori, u organizaciji Nacionalne turisti\u010dke organizacije (NTO). Realizacija te studijske posjete uslijedila nakon odr\u017eanog online webinara koji je organizovala NTO, a na kojem je prisustvovao veliki broj turskih turoperatora zainteresovanih za saradnju sa crnogorskom turisti\u010dkom privredom. Turoperatori su boravili u Kola\u0161inu [&hellip;]<\/p>\n","protected":false},"author":1,"featured_media":548,"comment_status":"open","ping_status":"open","sticky":false,"template":"","format":"standard","meta":{"_acf_changed":false,"_seopress_robots_primary_cat":"none","_seopress_titles_title":"","_seopress_titles_desc":"","_seopress_robots_index":"","footnotes":""},"categories":[9],"tags":[],"class_list":["post-2130","post","type-post","status-publish","format-standard","has-post-thumbnail","hentry","category-nekategorizovano"],"acf":[],"_links":{"self":[{"href":"https:\/\/skijalista.me\/me\/wp-json\/wp\/v2\/posts\/2130","targetHints":{"allow":["GET"]}}],"collection":[{"href":"https:\/\/skijalista.me\/me\/wp-json\/wp\/v2\/posts"}],"about":[{"href":"https:\/\/skijalista.me\/me\/wp-json\/wp\/v2\/types\/post"}],"author":[{"embeddable":true,"href":"https:\/\/skijalista.me\/me\/wp-json\/wp\/v2\/users\/1"}],"replies":[{"embeddable":true,"href":"https:\/\/skijalista.me\/me\/wp-json\/wp\/v2\/comments?post=2130"}],"version-history":[{"count":0,"href":"https:\/\/skijalista.me\/me\/wp-json\/wp\/v2\/posts\/2130\/revisions"}],"wp:featuredmedia":[{"embeddable":true,"href":"https:\/\/skijalista.me\/me\/wp-json\/wp\/v2\/media\/548"}],"wp:attachment":[{"href":"https:\/\/skijalista.me\/me\/wp-json\/wp\/v2\/media?parent=2130"}],"wp:term":[{"taxonomy":"category","embeddable":true,"href":"https:\/\/skijalista.me\/me\/wp-json\/wp\/v2\/categories?post=2130"},{"taxonomy":"post_tag","embeddable":true,"href":"https:\/\/skijalista.me\/me\/wp-json\/wp\/v2\/tags?post=2130"}],"curies":[{"name":"wp","href":"https:\/\/api.w.org\/{rel}","templated":true}]}}