{"id":4289,"date":"2023-04-07T14:31:00","date_gmt":"2023-04-07T12:31:00","guid":{"rendered":"https:\/\/skijalista.me\/?p=4289"},"modified":"2023-12-05T14:33:12","modified_gmt":"2023-12-05T13:33:12","slug":"priznanje-najbolji-menadzer-u-2023-dodijeljeno-duru-milosevicu","status":"publish","type":"post","link":"https:\/\/skijalista.me\/me\/priznanje-najbolji-menadzer-u-2023-dodijeljeno-duru-milosevicu\/","title":{"rendered":"Priznanje Najbolji menad\u017eer u 2023 dodijeljeno \u0110uru Milo\u0161evi\u0107u"},"content":{"rendered":"\t\t<div data-elementor-type=\"wp-post\" data-elementor-id=\"4289\" class=\"elementor elementor-4289\">\n\t\t\t\t\t\t<section class=\"elementor-section elementor-top-section elementor-element elementor-element-445db3b elementor-section-boxed elementor-section-height-default elementor-section-height-default\" data-id=\"445db3b\" data-element_type=\"section\" data-settings=\"{&quot;jet_parallax_layout_list&quot;:[]}\">\n\t\t\t\t\t\t<div class=\"elementor-container elementor-column-gap-default\">\n\t\t\t\t\t<div class=\"elementor-column elementor-col-100 elementor-top-column elementor-element elementor-element-0e2d531\" data-id=\"0e2d531\" data-element_type=\"column\">\n\t\t\t<div class=\"elementor-widget-wrap elementor-element-populated\">\n\t\t\t\t\t\t<div class=\"elementor-element elementor-element-3defd5a elementor-widget elementor-widget-text-editor\" data-id=\"3defd5a\" data-element_type=\"widget\" data-widget_type=\"text-editor.default\">\n\t\t\t\t<div class=\"elementor-widget-container\">\n\t\t\t\t\t\t\t\t\t<p>Priznanje za uspje\u0161no, savjesno i odgovorno rukovo\u0111enje, \u201eNajbolji menad\u017eer 2023\u201c dodjeljeno je \u0110uru Milo\u0161evi\u0107u, izvr\u0161nom direktoru \u201eSkijali\u0161ta Crne Gore\u201c<\/p><p><br><\/p><p>Jedinstveno priznanje, namjenjeno je najodgovornijim menad\u017eerima, koji rukovode kompanijama koje uspje\u0161nim poslovanjem doprinose pozitivnom poslovnom okru\u017eenju u Crnoj Gori i najmanje tri godine zaredom imaju najbolji bonitet i najvi\u0161i rejting.<\/p><p><br><\/p><p>\u0110uro Milo\u0161evi\u0107 je dipl.ing. metalurguje, kroz svoju karjeru radio je u zavodu za statistiku (Monstat), bio je savjetnik za malu privredu, sekretar lokalne uprave, potpredsjednik op\u0161tine Kola\u0161in, direktor Direktorata za rudarstvo i geoloska istrazivanja.<br><br><\/p><p>Od juna 2021. na poziciji je izvr\u0161nog direktora Skijali\u0161ta Crne Gore.<\/p>\t\t\t\t\t\t\t\t<\/div>\n\t\t\t\t<\/div>\n\t\t\t\t\t<\/div>\n\t\t<\/div>\n\t\t\t\t\t<\/div>\n\t\t<\/section>\n\t\t\t\t<\/div>\n\t\t","protected":false},"excerpt":{"rendered":"<p>Priznanje za uspje\u0161no, savjesno i odgovorno rukovo\u0111enje, \u201eNajbolji menad\u017eer 2023\u201c dodjeljeno je \u0110uru Milo\u0161evi\u0107u, izvr\u0161nom direktoru \u201eSkijali\u0161ta Crne Gore\u201c Jedinstveno priznanje, namjenjeno je najodgovornijim menad\u017eerima, koji rukovode kompanijama koje uspje\u0161nim poslovanjem doprinose pozitivnom poslovnom okru\u017eenju u Crnoj Gori i najmanje tri godine zaredom imaju najbolji bonitet i najvi\u0161i rejting. \u0110uro Milo\u0161evi\u0107 je dipl.ing. metalurguje, kroz [&hellip;]<\/p>\n","protected":false},"author":1,"featured_media":4284,"comment_status":"open","ping_status":"open","sticky":false,"template":"","format":"standard","meta":{"_acf_changed":false,"_seopress_robots_primary_cat":"none","_seopress_titles_title":"","_seopress_titles_desc":"","_seopress_robots_index":"","footnotes":""},"categories":[9],"tags":[],"class_list":["post-4289","post","type-post","status-publish","format-standard","has-post-thumbnail","hentry","category-nekategorizovano"],"acf":[],"_links":{"self":[{"href":"https:\/\/skijalista.me\/me\/wp-json\/wp\/v2\/posts\/4289","targetHints":{"allow":["GET"]}}],"collection":[{"href":"https:\/\/skijalista.me\/me\/wp-json\/wp\/v2\/posts"}],"about":[{"href":"https:\/\/skijalista.me\/me\/wp-json\/wp\/v2\/types\/post"}],"author":[{"embeddable":true,"href":"https:\/\/skijalista.me\/me\/wp-json\/wp\/v2\/users\/1"}],"replies":[{"embeddable":true,"href":"https:\/\/skijalista.me\/me\/wp-json\/wp\/v2\/comments?post=4289"}],"version-history":[{"count":5,"href":"https:\/\/skijalista.me\/me\/wp-json\/wp\/v2\/posts\/4289\/revisions"}],"predecessor-version":[{"id":4296,"href":"https:\/\/skijalista.me\/me\/wp-json\/wp\/v2\/posts\/4289\/revisions\/4296"}],"wp:featuredmedia":[{"embeddable":true,"href":"https:\/\/skijalista.me\/me\/wp-json\/wp\/v2\/media\/4284"}],"wp:attachment":[{"href":"https:\/\/skijalista.me\/me\/wp-json\/wp\/v2\/media?parent=4289"}],"wp:term":[{"taxonomy":"category","embeddable":true,"href":"https:\/\/skijalista.me\/me\/wp-json\/wp\/v2\/categories?post=4289"},{"taxonomy":"post_tag","embeddable":true,"href":"https:\/\/skijalista.me\/me\/wp-json\/wp\/v2\/tags?post=4289"}],"curies":[{"name":"wp","href":"https:\/\/api.w.org\/{rel}","templated":true}]}}