{"id":4570,"date":"2024-10-25T23:24:52","date_gmt":"2024-10-25T21:24:52","guid":{"rendered":"https:\/\/skijalista.me\/?p=4570"},"modified":"2024-12-01T23:27:00","modified_gmt":"2024-12-01T22:27:00","slug":"koncert-pede-jovanovica-na-ski-centru-kolasin-1600-2","status":"publish","type":"post","link":"https:\/\/skijalista.me\/me\/koncert-pede-jovanovica-na-ski-centru-kolasin-1600-2\/","title":{"rendered":"Obavje\u0161tenje"},"content":{"rendered":"\t\t<div data-elementor-type=\"wp-post\" data-elementor-id=\"4570\" class=\"elementor elementor-4570\">\n\t\t\t\t\t\t<section class=\"elementor-section elementor-top-section elementor-element elementor-element-78b7fe0 elementor-section-boxed elementor-section-height-default elementor-section-height-default\" data-id=\"78b7fe0\" data-element_type=\"section\" data-settings=\"{&quot;jet_parallax_layout_list&quot;:[]}\">\n\t\t\t\t\t\t<div class=\"elementor-container elementor-column-gap-default\">\n\t\t\t\t\t<div class=\"elementor-column elementor-col-100 elementor-top-column elementor-element elementor-element-f8d0c98\" data-id=\"f8d0c98\" data-element_type=\"column\">\n\t\t\t<div class=\"elementor-widget-wrap elementor-element-populated\">\n\t\t\t\t\t\t<div class=\"elementor-element elementor-element-7972221 elementor-widget elementor-widget-text-editor\" data-id=\"7972221\" data-element_type=\"widget\" data-widget_type=\"text-editor.default\">\n\t\t\t\t<div class=\"elementor-widget-container\">\n\t\t\t\t\t\t\t\t\t<p><span style=\"font-size: 17.6px;\">Po\u0161tovani prijatelji, cijene\u0107i ukazano povjerenje, svim kupcima sezonskog ski pass-a za sezonu 2023\/24, omogu\u0107ena je zamjena za nove, koji \u0107e biti validni u zimskoj sezoni 2024\/25.<\/span><\/p><p><span style=\"font-size: 17.6px;\">Zamjena \u0107e biti realizovana na ski centru \u201cKola\u0161in 1600\u201d najkasnije do 15. decembra 2024. godine.<\/span><\/p><p><span style=\"font-size: 17.6px;\">Napominjemo da posle nazna\u010denog roka ne\u0107e biti mogu\u0107e odraditi navedenu zamjenu.<\/span><\/p>\t\t\t\t\t\t\t\t<\/div>\n\t\t\t\t<\/div>\n\t\t\t\t\t<\/div>\n\t\t<\/div>\n\t\t\t\t\t<\/div>\n\t\t<\/section>\n\t\t\t\t<\/div>\n\t\t","protected":false},"excerpt":{"rendered":"<p>Po\u0161tovani prijatelji, cijene\u0107i ukazano povjerenje, svim kupcima sezonskog ski pass-a za sezonu 2023\/24, omogu\u0107ena je zamjena za nove, koji \u0107e biti validni u zimskoj sezoni 2024\/25. Zamjena \u0107e biti realizovana na ski centru \u201cKola\u0161in 1600\u201d najkasnije do 15. decembra 2024. godine. Napominjemo da posle nazna\u010denog roka ne\u0107e biti mogu\u0107e odraditi navedenu zamjenu.<\/p>\n","protected":false},"author":1,"featured_media":4574,"comment_status":"open","ping_status":"open","sticky":false,"template":"","format":"standard","meta":{"_acf_changed":false,"_seopress_robots_primary_cat":"none","_seopress_titles_title":"","_seopress_titles_desc":"","_seopress_robots_index":"","footnotes":""},"categories":[9],"tags":[],"class_list":["post-4570","post","type-post","status-publish","format-standard","has-post-thumbnail","hentry","category-nekategorizovano"],"acf":[],"_links":{"self":[{"href":"https:\/\/skijalista.me\/me\/wp-json\/wp\/v2\/posts\/4570","targetHints":{"allow":["GET"]}}],"collection":[{"href":"https:\/\/skijalista.me\/me\/wp-json\/wp\/v2\/posts"}],"about":[{"href":"https:\/\/skijalista.me\/me\/wp-json\/wp\/v2\/types\/post"}],"author":[{"embeddable":true,"href":"https:\/\/skijalista.me\/me\/wp-json\/wp\/v2\/users\/1"}],"replies":[{"embeddable":true,"href":"https:\/\/skijalista.me\/me\/wp-json\/wp\/v2\/comments?post=4570"}],"version-history":[{"count":4,"href":"https:\/\/skijalista.me\/me\/wp-json\/wp\/v2\/posts\/4570\/revisions"}],"predecessor-version":[{"id":4576,"href":"https:\/\/skijalista.me\/me\/wp-json\/wp\/v2\/posts\/4570\/revisions\/4576"}],"wp:featuredmedia":[{"embeddable":true,"href":"https:\/\/skijalista.me\/me\/wp-json\/wp\/v2\/media\/4574"}],"wp:attachment":[{"href":"https:\/\/skijalista.me\/me\/wp-json\/wp\/v2\/media?parent=4570"}],"wp:term":[{"taxonomy":"category","embeddable":true,"href":"https:\/\/skijalista.me\/me\/wp-json\/wp\/v2\/categories?post=4570"},{"taxonomy":"post_tag","embeddable":true,"href":"https:\/\/skijalista.me\/me\/wp-json\/wp\/v2\/tags?post=4570"}],"curies":[{"name":"wp","href":"https:\/\/api.w.org\/{rel}","templated":true}]}}