{"id":4577,"date":"2024-11-26T23:30:42","date_gmt":"2024-11-26T22:30:42","guid":{"rendered":"https:\/\/skijalista.me\/?p=4577"},"modified":"2024-12-01T23:31:48","modified_gmt":"2024-12-01T22:31:48","slug":"skijalista-crne-gore-potpisala-ugovor-o-saradnji-sa-skijalistima-srbije","status":"publish","type":"post","link":"https:\/\/skijalista.me\/me\/skijalista-crne-gore-potpisala-ugovor-o-saradnji-sa-skijalistima-srbije\/","title":{"rendered":"Skijali\u0161ta Crne Gore potpisala Ugovor o saradnji sa Skijali\u0161tima Srbije"},"content":{"rendered":"\t\t<div data-elementor-type=\"wp-post\" data-elementor-id=\"4577\" class=\"elementor elementor-4577\">\n\t\t\t\t\t\t<section class=\"elementor-section elementor-top-section elementor-element elementor-element-78b7fe0 elementor-section-boxed elementor-section-height-default elementor-section-height-default\" data-id=\"78b7fe0\" data-element_type=\"section\" data-settings=\"{&quot;jet_parallax_layout_list&quot;:[]}\">\n\t\t\t\t\t\t<div class=\"elementor-container elementor-column-gap-default\">\n\t\t\t\t\t<div class=\"elementor-column elementor-col-100 elementor-top-column elementor-element elementor-element-f8d0c98\" data-id=\"f8d0c98\" data-element_type=\"column\">\n\t\t\t<div class=\"elementor-widget-wrap elementor-element-populated\">\n\t\t\t\t\t\t<div class=\"elementor-element elementor-element-7972221 elementor-widget elementor-widget-text-editor\" data-id=\"7972221\" data-element_type=\"widget\" data-widget_type=\"text-editor.default\">\n\t\t\t\t<div class=\"elementor-widget-container\">\n\t\t\t\t\t\t\t\t\t<p><span style=\"font-size: 17.6px;\">Prema Ugovoru, korisnici sezonskih ski pass-ova Skijali\u0161ta Crne Gore \u0107e mo\u0107i da skijaju po tri dana uzastopno na ski centrima Kopaonik, Stara planina i Tornik. Dok \u0107e korisnici sezonski ski pass-ova @skijalistasrbije mo\u0107i da se skijaju po tri dana uzastopno na ski centrima Kola\u0161in 1600, Savin kuk i Vu\u010dje.<\/span><\/p><p><span style=\"font-size: 17.6px;\">Potpisivanju ovog Ugovora prisustvovali su izvr\u0161ni direktor Skijali\u0161ta Crne Gore, g-din \u0110uro Milo\u0161evi\u0107 i direktor JP Skijali\u0161ta Srbije, g-din Dejan \u0106ika.<\/span><\/p>\t\t\t\t\t\t\t\t<\/div>\n\t\t\t\t<\/div>\n\t\t\t\t\t<\/div>\n\t\t<\/div>\n\t\t\t\t\t<\/div>\n\t\t<\/section>\n\t\t\t\t<\/div>\n\t\t","protected":false},"excerpt":{"rendered":"<p>Prema Ugovoru, korisnici sezonskih ski pass-ova Skijali\u0161ta Crne Gore \u0107e mo\u0107i da skijaju po tri dana uzastopno na ski centrima Kopaonik, Stara planina i Tornik. Dok \u0107e korisnici sezonski ski pass-ova @skijalistasrbije mo\u0107i da se skijaju po tri dana uzastopno na ski centrima Kola\u0161in 1600, Savin kuk i Vu\u010dje. Potpisivanju ovog Ugovora prisustvovali su izvr\u0161ni [&hellip;]<\/p>\n","protected":false},"author":1,"featured_media":4578,"comment_status":"open","ping_status":"open","sticky":false,"template":"","format":"standard","meta":{"_acf_changed":false,"_seopress_robots_primary_cat":"none","_seopress_titles_title":"","_seopress_titles_desc":"","_seopress_robots_index":"","footnotes":""},"categories":[9],"tags":[],"class_list":["post-4577","post","type-post","status-publish","format-standard","has-post-thumbnail","hentry","category-nekategorizovano"],"acf":[],"_links":{"self":[{"href":"https:\/\/skijalista.me\/me\/wp-json\/wp\/v2\/posts\/4577","targetHints":{"allow":["GET"]}}],"collection":[{"href":"https:\/\/skijalista.me\/me\/wp-json\/wp\/v2\/posts"}],"about":[{"href":"https:\/\/skijalista.me\/me\/wp-json\/wp\/v2\/types\/post"}],"author":[{"embeddable":true,"href":"https:\/\/skijalista.me\/me\/wp-json\/wp\/v2\/users\/1"}],"replies":[{"embeddable":true,"href":"https:\/\/skijalista.me\/me\/wp-json\/wp\/v2\/comments?post=4577"}],"version-history":[{"count":5,"href":"https:\/\/skijalista.me\/me\/wp-json\/wp\/v2\/posts\/4577\/revisions"}],"predecessor-version":[{"id":4586,"href":"https:\/\/skijalista.me\/me\/wp-json\/wp\/v2\/posts\/4577\/revisions\/4586"}],"wp:featuredmedia":[{"embeddable":true,"href":"https:\/\/skijalista.me\/me\/wp-json\/wp\/v2\/media\/4578"}],"wp:attachment":[{"href":"https:\/\/skijalista.me\/me\/wp-json\/wp\/v2\/media?parent=4577"}],"wp:term":[{"taxonomy":"category","embeddable":true,"href":"https:\/\/skijalista.me\/me\/wp-json\/wp\/v2\/categories?post=4577"},{"taxonomy":"post_tag","embeddable":true,"href":"https:\/\/skijalista.me\/me\/wp-json\/wp\/v2\/tags?post=4577"}],"curies":[{"name":"wp","href":"https:\/\/api.w.org\/{rel}","templated":true}]}}