{"id":4607,"date":"2024-12-02T17:01:37","date_gmt":"2024-12-02T16:01:37","guid":{"rendered":"https:\/\/skijalista.me\/?p=4607"},"modified":"2024-12-02T17:02:36","modified_gmt":"2024-12-02T16:02:36","slug":"potpisan-sporazum-o-nastavku-saradnje-oc-jahorina-i-skijalista-crne-gore","status":"publish","type":"post","link":"https:\/\/skijalista.me\/me\/potpisan-sporazum-o-nastavku-saradnje-oc-jahorina-i-skijalista-crne-gore\/","title":{"rendered":"Potpisan sporazum o nastavku saradnje OC Jahorina i Skijali\u0161ta Crne Gore"},"content":{"rendered":"\t\t<div data-elementor-type=\"wp-post\" data-elementor-id=\"4607\" class=\"elementor elementor-4607\">\n\t\t\t\t\t\t<section class=\"elementor-section elementor-top-section elementor-element elementor-element-78b7fe0 elementor-section-boxed elementor-section-height-default elementor-section-height-default\" data-id=\"78b7fe0\" data-element_type=\"section\" data-settings=\"{&quot;jet_parallax_layout_list&quot;:[]}\">\n\t\t\t\t\t\t<div class=\"elementor-container elementor-column-gap-default\">\n\t\t\t\t\t<div class=\"elementor-column elementor-col-100 elementor-top-column elementor-element elementor-element-f8d0c98\" data-id=\"f8d0c98\" data-element_type=\"column\">\n\t\t\t<div class=\"elementor-widget-wrap elementor-element-populated\">\n\t\t\t\t\t\t<div class=\"elementor-element elementor-element-7972221 elementor-widget elementor-widget-text-editor\" data-id=\"7972221\" data-element_type=\"widget\" data-widget_type=\"text-editor.default\">\n\t\t\t\t<div class=\"elementor-widget-container\">\n\t\t\t\t\t\t\t\t\t<p class=\"MsoNormal\">Herceg Novi, (Media Biro) U susret novoj skijali\u0161koj sezoni,\nizvr\u0161ni Direktor Skijali\u0161ta Crne Gore \u0110uro Milo\u0161evi\u0107 i direktor Olimpijskog\ncentra Jahorina Dejan Ljevnai\u0107, danas su u Portonovom potpisali Ugovor o\nsezonskim ski kartama i tako doprinijeli umre\u017eavanju dva regionalna planinska\ncentra. <o:p><\/o:p><\/p><p class=\"MsoNormal\">\u201cDa su nam skija\u0161i na prvom mjestu pokazuje i ovaj dana\u0161nji\nsastanak potpisivanja poslovnog ugovora sa Olimpijskim centrom Jahorina.\nKupcima promotivnog ski pass-a \u0107e i ove godine biti omogu\u0107eno da mogu da\nkoriste tri dana besplatnog skijanja na padinama Olimpijskog centra Jahorina,\ndok \u0107e korisnici ski pass-a sa Jahorine mo\u0107i da iskoriste tri dana besplatnog\nskijanja u ski centru \u201cKola\u0161in 1600\u201d.&nbsp;\nZajedno imamo priliku da u\u017eivamo u lijepim predjelima i stazama, lijepom\ndru\u017eenju i ostalim sadr\u017eajima,\u201d naveo je Milo\u0161evi\u0107. <o:p><\/o:p><\/p><p class=\"MsoNormal\">Kupci koji su prethodne sezone nabavili ski pass za ski\ncentar \u201cKola\u0161in 1600\u201d mo\u0107i \u0107e da ga iskoriste ove sezone. <o:p><\/o:p><\/p><p class=\"MsoNormal\">\u201cIza nas je jedna veoma te\u0161ka zimska sezona, kada nismo\nimali ni jednog skija\u0161kog dana. Mi smo iza\u0161li u susret svim kupcima koji su\npro\u0161le godine kupili promotivne karte i omogu\u0107ili im da ih mogu koristiti i u\npredstoje\u0107oj sezoni. Cjenovnik je ostao isti, kao i pro\u0161le godine. Radimo\nintenzivno i na dogovoru da imamo zajedni\u010dki ski pass sa ski centrom \u201cKola\u0161in\n1450\u201d, tako da \u0107emo i u tom pogledu na bazi jednodnevnog, ali i sedmodnevnog\nski pass-a imati jedinstvenu ponudu kao Skijali\u0161te Kola\u0161in,\u201d istakao je Milo\u0161evi\u0107.\n<o:p><\/o:p><\/p><p class=\"MsoNormal\">Cijena jednodnevnog ski pass-a za djecu do 14 godina je\n16,50 eura, dok je za odrasle 25 eura. Cijena sezonskog ski pass.a za djecu do\n14 godina bi\u0107e 250 eura, a za odrasle 400 eura. <o:p><\/o:p><\/p><p class=\"MsoNormal\">Milo\u0161evi\u0107 isti\u010de da se nadaju uspje\u0161nijoj zimskoj sezoni, te\nnapominje da su unaprijedili infrastrukturu skijali\u0161ta. <o:p><\/o:p><\/p><p class=\"MsoNormal\">\u201cNa Bjelasici je trenutno oko 20 centimetara snijega,\nnarednih dana su najavljene padavine te o\u010dekujemo da taj snje\u017eni pokriva\u010d bude\nmnogo ve\u0107i i da \u0107emo mo\u0107i da krenemo sa \u0161tampanjem staza i da \u0107emo ubrzo\notvoriti skija\u0161ku sezonu. Za razliku od OC Jahorina mi jo\u0161 uvijek nemamo sistem\nvje\u0161ta\u010dkog osvje\u017eivanja i to je veliki hendikep jer da smo imali taj sistem\ntemperaturne prilike bi nam dozvolile da pravimo snijeg ve\u0107 20 dana. Ipak, mogu\nnajaviti da su radovi na vodosnabdijevanju centara Kola\u0161in 1600 i Kola\u0161in 1450\npo\u010deli i uz mnogo vi\u0161e pameti i mnogo manje opstrukcija \u0107emo imati taj sistem\n\u0161to je neophodnost. Osim dva \u0161estosjeda koji su kapaciteta 5.200 skija\u0161a na\nsat, ima\u0107emo dva ski lifta \u2013 Tanjir du\u017eine 400 metara i Sidro du\u017eine 800 metara\n\u0161to je veoma zna\u010dajno za infrastrukturu ski centra Kola\u0161in 1600,\u201d ispri\u010dao je\nMilo\u0161evi\u0107. <o:p><\/o:p><\/p><p class=\"MsoNormal\">Zadovoljstvo zbog nastavka uspje\u0161ne saradnje sa Skijali\u0161tima\nCrne Gore istakao je i direktor OC Jahorina, Dejan Ljevnai\u0107 i podsjetio da \u0107e\nova jedinstvena ponuda tako\u0111e va\u017eiti i za sve skija\u0161e OC Jahorina, koji \u0107e\nimati priliku da ove zime iskuse adrenalinske momenta na ski stazama u Crnoj\nGori.<o:p><\/o:p><\/p><p class=\"MsoNormal\">\u201cOvom saradnjom posti\u010demo skija\u0161e da posje\u0107uju oba ski\ncentra, tako sezonski ski pass sa Jahorine vrijedi vi\u0161e i zajedno pretvaramo\nkonkurenciju iz regiona u partnere i pona\u0161amo se svi kao jedan tim. Ovo se radi\nisklju\u010divo u interesu skija\u0161a i \u017eelimo da zajedno \u0161to vi\u0161e promovi\u0161emo na\u0161e ski\ncentre i da po\u017eelim \u0161to vi\u0161e skija\u0161a kolegama u Skijali\u0161tima Crne Gore. Mislim\nda su kolega Milo\u0161evi\u0107 i njegov tim puno uradili za Skijali\u0161ta Crne Gore u\nprethodnom periodu i da dobro rade svoj posao,\u201d kazao je Ljevnai\u0107. <o:p><\/o:p><\/p><p class=\"MsoNormal\">Ovom prilikom tako\u0111e je istakao veliki potencijal koji\nprepoznaje u skijali\u0161tima Crne Gore. <o:p><\/o:p><\/p><p class=\"MsoNormal\">\u201cPo mom mi\u0161ljenju Crna Gora je zemlja sa najve\u0107im\npotencijalom \u0161to se ti\u010de skijanja. Crna Gora je u biv\u0161oj Jugoslaviji bila\nkolijevka skijanja, prvi ski klub je registrovan u Crnoj Gori 1893.&nbsp; godine. Crna Gora na dana\u0161nji dan ima 13 ski\ncentara koji su registrovani, od kojih neki na\u017ealost ne rade. Kada bi svi ovi\ncentri radili i bili modernizovani Crna Gora bi bila kolijevka svjetskog\nskijanja,\u201d ispri\u010dao je Ljevnai\u0107. <o:p><\/o:p><\/p><p class=\"MsoNormal\">OC Jahorina je po\u010deo sa proizvodnjom vje\u0161ta\u010dkog snijega\nprije 30 dana zahvaljuju\u0107i sistemu za proizvodnju vje\u0161ta\u010dkog snijega, te se sa\nskijanjem po\u010delo prije tri dana sa odli\u010dnom posjetom. Zvani\u010dno otvaranje je\nzakazano za 12. decembar za kada su predvi\u0111eni nastupi Milice Todorovi\u0107, Tanje\nSavi\u0107, Nenada Blizanca i Jelene Karleu\u0161e. <o:p><\/o:p><\/p><p>\n\n\n\n\n\n\n\n\n\n\n\n\n\n\n\n\n\n\n\n\n\n\n\n<\/p><p class=\"MsoNormal\">Dana\u0161nja press konferencija, odr\u017eana u konferencijskoj sali\njednog od najluksuznijih rizorta u ovom dijelu Jadrana, poslu\u017eila je i kao\nprilika za promociju novog broja ski magazina ,,Ski Yu\u201d, koji predstavlja\njedinstveni vodi\u010d za sve ljubitelje zimskih sportova u regionu, a i \u0161ire.<o:p><\/o:p><\/p>\t\t\t\t\t\t\t\t<\/div>\n\t\t\t\t<\/div>\n\t\t\t\t\t<\/div>\n\t\t<\/div>\n\t\t\t\t\t<\/div>\n\t\t<\/section>\n\t\t\t\t<\/div>\n\t\t","protected":false},"excerpt":{"rendered":"<p>Herceg Novi, (Media Biro) U susret novoj skijali\u0161koj sezoni, izvr\u0161ni Direktor Skijali\u0161ta Crne Gore \u0110uro Milo\u0161evi\u0107 i direktor Olimpijskog centra Jahorina Dejan Ljevnai\u0107, danas su u Portonovom potpisali Ugovor o sezonskim ski kartama i tako doprinijeli umre\u017eavanju dva regionalna planinska centra. \u201cDa su nam skija\u0161i na prvom mjestu pokazuje i ovaj dana\u0161nji sastanak potpisivanja poslovnog [&hellip;]<\/p>\n","protected":false},"author":1,"featured_media":4612,"comment_status":"open","ping_status":"open","sticky":false,"template":"","format":"standard","meta":{"_acf_changed":false,"_seopress_robots_primary_cat":"none","_seopress_titles_title":"","_seopress_titles_desc":"","_seopress_robots_index":"","footnotes":""},"categories":[9],"tags":[],"class_list":["post-4607","post","type-post","status-publish","format-standard","has-post-thumbnail","hentry","category-nekategorizovano"],"acf":[],"_links":{"self":[{"href":"https:\/\/skijalista.me\/me\/wp-json\/wp\/v2\/posts\/4607","targetHints":{"allow":["GET"]}}],"collection":[{"href":"https:\/\/skijalista.me\/me\/wp-json\/wp\/v2\/posts"}],"about":[{"href":"https:\/\/skijalista.me\/me\/wp-json\/wp\/v2\/types\/post"}],"author":[{"embeddable":true,"href":"https:\/\/skijalista.me\/me\/wp-json\/wp\/v2\/users\/1"}],"replies":[{"embeddable":true,"href":"https:\/\/skijalista.me\/me\/wp-json\/wp\/v2\/comments?post=4607"}],"version-history":[{"count":5,"href":"https:\/\/skijalista.me\/me\/wp-json\/wp\/v2\/posts\/4607\/revisions"}],"predecessor-version":[{"id":4614,"href":"https:\/\/skijalista.me\/me\/wp-json\/wp\/v2\/posts\/4607\/revisions\/4614"}],"wp:featuredmedia":[{"embeddable":true,"href":"https:\/\/skijalista.me\/me\/wp-json\/wp\/v2\/media\/4612"}],"wp:attachment":[{"href":"https:\/\/skijalista.me\/me\/wp-json\/wp\/v2\/media?parent=4607"}],"wp:term":[{"taxonomy":"category","embeddable":true,"href":"https:\/\/skijalista.me\/me\/wp-json\/wp\/v2\/categories?post=4607"},{"taxonomy":"post_tag","embeddable":true,"href":"https:\/\/skijalista.me\/me\/wp-json\/wp\/v2\/tags?post=4607"}],"curies":[{"name":"wp","href":"https:\/\/api.w.org\/{rel}","templated":true}]}}