{"id":4635,"date":"2024-12-04T10:04:04","date_gmt":"2024-12-04T09:04:04","guid":{"rendered":"https:\/\/skijalista.me\/?p=4635"},"modified":"2024-12-04T10:05:05","modified_gmt":"2024-12-04T09:05:05","slug":"ski-pass-promo-prodaja","status":"publish","type":"post","link":"https:\/\/skijalista.me\/me\/ski-pass-promo-prodaja\/","title":{"rendered":"Ski pass promo prodaja"},"content":{"rendered":"\t\t<div data-elementor-type=\"wp-post\" data-elementor-id=\"4635\" class=\"elementor elementor-4635\">\n\t\t\t\t\t\t<section class=\"elementor-section elementor-top-section elementor-element elementor-element-78b7fe0 elementor-section-boxed elementor-section-height-default elementor-section-height-default\" data-id=\"78b7fe0\" data-element_type=\"section\" data-settings=\"{&quot;jet_parallax_layout_list&quot;:[]}\">\n\t\t\t\t\t\t<div class=\"elementor-container elementor-column-gap-default\">\n\t\t\t\t\t<div class=\"elementor-column elementor-col-100 elementor-top-column elementor-element elementor-element-f8d0c98\" data-id=\"f8d0c98\" data-element_type=\"column\">\n\t\t\t<div class=\"elementor-widget-wrap elementor-element-populated\">\n\t\t\t\t\t\t<div class=\"elementor-element elementor-element-7972221 elementor-widget elementor-widget-text-editor\" data-id=\"7972221\" data-element_type=\"widget\" data-widget_type=\"text-editor.default\">\n\t\t\t\t<div class=\"elementor-widget-container\">\n\t\t\t\t\t\t\t\t\t<p><span style=\"font-size: 17.6px;\">Po\u0161tovani prijatelji i posjetioci, od danas kre\u0107emo sa promotivnom prodajom sezonskih ski pass-ova, po sljede\u0107im cijenama:<\/span><\/p><p><span style=\"font-size: 17.6px;\">&#8211; Odrasli &#8211; 300\u20ac<\/span><\/p><p><span style=\"font-size: 17.6px;\">&#8211; Djeca do 14 godina &#8211; 200\u20ac<\/span><\/p><p><span style=\"font-size: 17.6px;\">Promotivni sezonski ski pass va\u017ei samo za ski centar Kola\u0161in 1600 &#8211; infrastruktura \u017ei\u010dare K8 i K7, sa ukupno 21km staza.<\/span><\/p><p><span style=\"font-size: 17.6px;\">Promotivni period traje od 03.12.\u201924. godine do 15.12.\u201924. godine.<\/span><\/p><p><span style=\"font-size: 17.6px;\">Sezonski ski pas po akcijskoj cijeni kupujete na na\u010din \u0161to izvr\u0161ite uplatu na \u017eiro ra\u010dun broj 540-1231754 (Erste banka) ili 510-101613-72 (CKB). U pozivu na broj odobrenja unesite va\u0161 mati\u010dni broj i u polje svrha uplate upi\u0161ite sezonski ski pass. Izdavanje sezonskih ski karata \u0107e se obaviti na ski centru Kola\u0161in 1600 u skija\u0161nici gdje se i vr\u0161i prodaja ski karata.<\/span><\/p><p><span style=\"font-size: 17.6px;\">Potrebno je da sa sobom imate li\u010dnu kartu i uplatnicu. Kolege \u0107e na licu mjesta napraviti fotografiju i izdati ski pass. Sezonski ski pass se izdaje sa fotografijom, imenom i prezimenom.<\/span><\/p><p><span style=\"font-size: 17.6px;\">Vidimo se na padinama Bjelasice, da zajedno u\u017eivamo u novom snijegu, avanturama i uspomenama.<\/span><\/p>\t\t\t\t\t\t\t\t<\/div>\n\t\t\t\t<\/div>\n\t\t\t\t\t<\/div>\n\t\t<\/div>\n\t\t\t\t\t<\/div>\n\t\t<\/section>\n\t\t\t\t<\/div>\n\t\t","protected":false},"excerpt":{"rendered":"<p>Po\u0161tovani prijatelji i posjetioci, od danas kre\u0107emo sa promotivnom prodajom sezonskih ski pass-ova, po sljede\u0107im cijenama: &#8211; Odrasli &#8211; 300\u20ac &#8211; Djeca do 14 godina &#8211; 200\u20ac Promotivni sezonski ski pass va\u017ei samo za ski centar Kola\u0161in 1600 &#8211; infrastruktura \u017ei\u010dare K8 i K7, sa ukupno 21km staza. Promotivni period traje od 03.12.\u201924. godine do [&hellip;]<\/p>\n","protected":false},"author":1,"featured_media":4641,"comment_status":"open","ping_status":"open","sticky":false,"template":"","format":"standard","meta":{"_acf_changed":false,"_seopress_robots_primary_cat":"none","_seopress_titles_title":"","_seopress_titles_desc":"","_seopress_robots_index":"","footnotes":""},"categories":[9],"tags":[],"class_list":["post-4635","post","type-post","status-publish","format-standard","has-post-thumbnail","hentry","category-nekategorizovano"],"acf":[],"_links":{"self":[{"href":"https:\/\/skijalista.me\/me\/wp-json\/wp\/v2\/posts\/4635","targetHints":{"allow":["GET"]}}],"collection":[{"href":"https:\/\/skijalista.me\/me\/wp-json\/wp\/v2\/posts"}],"about":[{"href":"https:\/\/skijalista.me\/me\/wp-json\/wp\/v2\/types\/post"}],"author":[{"embeddable":true,"href":"https:\/\/skijalista.me\/me\/wp-json\/wp\/v2\/users\/1"}],"replies":[{"embeddable":true,"href":"https:\/\/skijalista.me\/me\/wp-json\/wp\/v2\/comments?post=4635"}],"version-history":[{"count":5,"href":"https:\/\/skijalista.me\/me\/wp-json\/wp\/v2\/posts\/4635\/revisions"}],"predecessor-version":[{"id":4640,"href":"https:\/\/skijalista.me\/me\/wp-json\/wp\/v2\/posts\/4635\/revisions\/4640"}],"wp:featuredmedia":[{"embeddable":true,"href":"https:\/\/skijalista.me\/me\/wp-json\/wp\/v2\/media\/4641"}],"wp:attachment":[{"href":"https:\/\/skijalista.me\/me\/wp-json\/wp\/v2\/media?parent=4635"}],"wp:term":[{"taxonomy":"category","embeddable":true,"href":"https:\/\/skijalista.me\/me\/wp-json\/wp\/v2\/categories?post=4635"},{"taxonomy":"post_tag","embeddable":true,"href":"https:\/\/skijalista.me\/me\/wp-json\/wp\/v2\/tags?post=4635"}],"curies":[{"name":"wp","href":"https:\/\/api.w.org\/{rel}","templated":true}]}}