{"id":4726,"date":"2024-12-27T15:39:43","date_gmt":"2024-12-27T14:39:43","guid":{"rendered":"https:\/\/skijalista.me\/?p=4726"},"modified":"2024-12-27T15:40:40","modified_gmt":"2024-12-27T14:40:40","slug":"otvorena-ski-sezona","status":"publish","type":"post","link":"https:\/\/skijalista.me\/me\/otvorena-ski-sezona\/","title":{"rendered":"Otvorena ski sezona"},"content":{"rendered":"\t\t<div data-elementor-type=\"wp-post\" data-elementor-id=\"4726\" class=\"elementor elementor-4726\">\n\t\t\t\t\t\t<section class=\"elementor-section elementor-top-section elementor-element elementor-element-78b7fe0 elementor-section-boxed elementor-section-height-default elementor-section-height-default\" data-id=\"78b7fe0\" data-element_type=\"section\" data-settings=\"{&quot;jet_parallax_layout_list&quot;:[]}\">\n\t\t\t\t\t\t<div class=\"elementor-container elementor-column-gap-default\">\n\t\t\t\t\t<div class=\"elementor-column elementor-col-100 elementor-top-column elementor-element elementor-element-f8d0c98\" data-id=\"f8d0c98\" data-element_type=\"column\">\n\t\t\t<div class=\"elementor-widget-wrap elementor-element-populated\">\n\t\t\t\t\t\t<div class=\"elementor-element elementor-element-7972221 elementor-widget elementor-widget-text-editor\" data-id=\"7972221\" data-element_type=\"widget\" data-widget_type=\"text-editor.default\">\n\t\t\t\t<div class=\"elementor-widget-container\">\n\t\t\t\t\t\t\t\t\t<p style=\"text-align:justify\"><span style=\"font-size: 17.6px;\">Po\u0161tovani posjetioci i ljubitelji zimskih sportova,<\/span><\/p><p style=\"text-align:justify\"><span style=\"font-size: 17.6px;\">Zvani\u010dno otvaramo ski sezonu 2024\/25. Naime, sjutra (27.12.\u201924) bi\u0107e prvi skija\u0161ki dan na ski centru Kola\u0161in 1600.<\/span><\/p><p style=\"text-align:justify\"><span style=\"font-size: 17.6px;\">Za sada \u0107e korisnicima usluga ski centra Kola\u0161in 1600 biti dostupna \u017ei\u010dara K8 (Troglava) sa pripadaju\u0107im stazama, a uskoro \u0107e biti pu\u0161tena u rad i dva nova ski lifta, tipa sidro i tipa tanjir.<\/span><\/p><p style=\"text-align:justify\"><span style=\"font-size: 17.6px;\">Sa velikim nestrpljenjem i zadovoljstvom i\u0161\u010dekujemo po\u010detak nove ski sezone, kao idelno vrijeme za kreiranje novih uspomena i u\u017eivanje na padinama Bjelasice.<\/span><\/p><p style=\"text-align:justify\"><span style=\"font-size: 17.6px;\">Dobro do\u0161li! \ud83e\udd0d\u2744\ufe0f<\/span><\/p>\t\t\t\t\t\t\t\t<\/div>\n\t\t\t\t<\/div>\n\t\t\t\t\t<\/div>\n\t\t<\/div>\n\t\t\t\t\t<\/div>\n\t\t<\/section>\n\t\t\t\t<\/div>\n\t\t","protected":false},"excerpt":{"rendered":"<p>Po\u0161tovani posjetioci i ljubitelji zimskih sportova, Zvani\u010dno otvaramo ski sezonu 2024\/25. Naime, sjutra (27.12.\u201924) bi\u0107e prvi skija\u0161ki dan na ski centru Kola\u0161in 1600. Za sada \u0107e korisnicima usluga ski centra Kola\u0161in 1600 biti dostupna \u017ei\u010dara K8 (Troglava) sa pripadaju\u0107im stazama, a uskoro \u0107e biti pu\u0161tena u rad i dva nova ski lifta, tipa sidro i [&hellip;]<\/p>\n","protected":false},"author":2,"featured_media":4730,"comment_status":"open","ping_status":"open","sticky":false,"template":"","format":"standard","meta":{"_acf_changed":false,"_seopress_robots_primary_cat":"none","_seopress_titles_title":"","_seopress_titles_desc":"","_seopress_robots_index":"","footnotes":""},"categories":[9],"tags":[],"class_list":["post-4726","post","type-post","status-publish","format-standard","has-post-thumbnail","hentry","category-nekategorizovano"],"acf":[],"_links":{"self":[{"href":"https:\/\/skijalista.me\/me\/wp-json\/wp\/v2\/posts\/4726","targetHints":{"allow":["GET"]}}],"collection":[{"href":"https:\/\/skijalista.me\/me\/wp-json\/wp\/v2\/posts"}],"about":[{"href":"https:\/\/skijalista.me\/me\/wp-json\/wp\/v2\/types\/post"}],"author":[{"embeddable":true,"href":"https:\/\/skijalista.me\/me\/wp-json\/wp\/v2\/users\/2"}],"replies":[{"embeddable":true,"href":"https:\/\/skijalista.me\/me\/wp-json\/wp\/v2\/comments?post=4726"}],"version-history":[{"count":4,"href":"https:\/\/skijalista.me\/me\/wp-json\/wp\/v2\/posts\/4726\/revisions"}],"predecessor-version":[{"id":4732,"href":"https:\/\/skijalista.me\/me\/wp-json\/wp\/v2\/posts\/4726\/revisions\/4732"}],"wp:featuredmedia":[{"embeddable":true,"href":"https:\/\/skijalista.me\/me\/wp-json\/wp\/v2\/media\/4730"}],"wp:attachment":[{"href":"https:\/\/skijalista.me\/me\/wp-json\/wp\/v2\/media?parent=4726"}],"wp:term":[{"taxonomy":"category","embeddable":true,"href":"https:\/\/skijalista.me\/me\/wp-json\/wp\/v2\/categories?post=4726"},{"taxonomy":"post_tag","embeddable":true,"href":"https:\/\/skijalista.me\/me\/wp-json\/wp\/v2\/tags?post=4726"}],"curies":[{"name":"wp","href":"https:\/\/api.w.org\/{rel}","templated":true}]}}